{"id":5987,"date":"2026-09-01T15:01:46","date_gmt":"2026-09-01T13:01:46","guid":{"rendered":"https:\/\/www.talentdrama.cz\/?p=5987"},"modified":"2026-09-01T15:23:00","modified_gmt":"2026-09-01T13:23:00","slug":"zaciname-v-tydnu-od-14-9","status":"publish","type":"post","link":"https:\/\/www.talentdrama.cz\/en\/2026\/09\/01\/zaciname-v-tydnu-od-14-9\/","title":{"rendered":"Za\u010d\u00edn\u00e1me v t\u00fddnu od 14.9."},"content":{"rendered":"<p class=\"wp-block-paragraph\">T\u011b\u0161\u00edme se na novou sez\u00f3nu 2026\/2027. Nov\u00ed z\u00e1jemci se mohou hl\u00e1sit na info@talentdrama.cz.<\/p>\n\n\n\n<p class=\"wp-block-paragraph\">Ro\u010dn\u00ed kurzy pro d\u011bti a ml\u00e1de\u017e najdete na str\u00e1nk\u00e1ch: https:\/\/www.talentdrama.cz\/rocni-kurzy\/<a href=\"https:\/\/www.talentdrama.cz\/en\/rocni-kurzy\/\" title=\"\">https:\/\/www.talentdrama.cz\/rocni-kurzy\/<\/a><\/p>\n\n\n\n<p class=\"wp-block-paragraph\"><\/p>","protected":false},"excerpt":{"rendered":"<p>T\u011b\u0161\u00edme se na novou sez\u00f3nu 2026\/2027. Nov\u00ed z\u00e1jemci se mohou hl\u00e1sit na info@talentdrama.cz. Ro\u010dn\u00ed kurzy pro d\u011bti a ml\u00e1de\u017e najdete na str\u00e1nk\u00e1ch: https:\/\/www.talentdrama.cz\/rocni-kurzy\/https:\/\/www.talentdrama.cz\/rocni-kurzy\/<\/p>","protected":false},"author":3,"featured_media":5288,"comment_status":"closed","ping_status":"closed","sticky":false,"template":"","format":"standard","meta":{"episode_type":"","audio_file":"","podmotor_file_id":"","podmotor_episode_id":"","cover_image":"","cover_image_id":"","duration":"","filesize":"","filesize_raw":"","date_recorded":"","explicit":"","block":"","itunes_episode_number":"","itunes_title":"","itunes_season_number":"","itunes_episode_type":"","footnotes":""},"categories":[1],"tags":[],"class_list":["post-5987","post","type-post","status-publish","format-standard","has-post-thumbnail","hentry","category-nezarazene"],"aioseo_notices":[],"aioseo_head":"\n\t\t<!-- All in One SEO 5.0.0.1 - aioseo.com -->\n\t<meta name=\"description\" content=\"T\u011b\u0161\u00edme se na novou sez\u00f3nu 2026\/2027. Nov\u00ed z\u00e1jemci se mohou hl\u00e1sit na info@talentdrama.cz. Ro\u010dn\u00ed kurzy pro d\u011bti a ml\u00e1de\u017e najdete na str\u00e1nk\u00e1ch: https:\/\/www.talentdrama.cz\/rocni-kurzy\/https:\/\/www.talentdrama.cz\/rocni-kurzy\/\" \/>\n\t<meta name=\"robots\" content=\"max-image-preview:large\" \/>\n\t<meta name=\"author\" content=\"erika\"\/>\n\t<link rel=\"canonical\" href=\"https:\/\/www.talentdrama.cz\/en\/2026\/09\/01\/zaciname-v-tydnu-od-14-9\/\" \/>\n\t<meta name=\"generator\" content=\"All in One SEO (AIOSEO) 5.0.0.1\" \/>\n\t\t<meta property=\"og:locale\" content=\"en_GB\" \/>\n\t\t<meta property=\"og:site_name\" content=\"Talent drama studio -\" \/>\n\t\t<meta property=\"og:type\" content=\"article\" \/>\n\t\t<meta property=\"og:title\" content=\"Za\u010d\u00edn\u00e1me v t\u00fddnu od 14.9. - Talent drama studio\" \/>\n\t\t<meta property=\"og:description\" content=\"T\u011b\u0161\u00edme se na novou sez\u00f3nu 2026\/2027. Nov\u00ed z\u00e1jemci se mohou hl\u00e1sit na info@talentdrama.cz. Ro\u010dn\u00ed kurzy pro d\u011bti a ml\u00e1de\u017e najdete na str\u00e1nk\u00e1ch: https:\/\/www.talentdrama.cz\/rocni-kurzy\/https:\/\/www.talentdrama.cz\/rocni-kurzy\/\" \/>\n\t\t<meta property=\"og:url\" content=\"https:\/\/www.talentdrama.cz\/en\/2026\/09\/01\/zaciname-v-tydnu-od-14-9\/\" \/>\n\t\t<meta property=\"article:published_time\" content=\"2026-09-01T13:01:46+00:00\" \/>\n\t\t<meta property=\"article:modified_time\" content=\"2026-09-01T13:23:00+00:00\" \/>\n\t\t<meta name=\"twitter:card\" content=\"summary_large_image\" \/>\n\t\t<meta name=\"twitter:title\" content=\"Za\u010d\u00edn\u00e1me v t\u00fddnu od 14.9. - Talent drama studio\" \/>\n\t\t<meta name=\"twitter:description\" content=\"T\u011b\u0161\u00edme se na novou sez\u00f3nu 2026\/2027. Nov\u00ed z\u00e1jemci se mohou hl\u00e1sit na info@talentdrama.cz. Ro\u010dn\u00ed kurzy pro d\u011bti a ml\u00e1de\u017e najdete na str\u00e1nk\u00e1ch: https:\/\/www.talentdrama.cz\/rocni-kurzy\/https:\/\/www.talentdrama.cz\/rocni-kurzy\/\" \/>\n\t\t<script type=\"application\/ld+json\" class=\"aioseo-schema\">\n\t\t\t{\"@context\":\"https:\\\/\\\/schema.org\",\"@graph\":[{\"@type\":\"BlogPosting\",\"@id\":\"https:\\\/\\\/www.talentdrama.cz\\\/en\\\/2026\\\/09\\\/01\\\/zaciname-v-tydnu-od-14-9\\\/#blogposting\",\"name\":\"Za\\u010d\\u00edn\\u00e1me v t\\u00fddnu od 14.9. - Talent drama studio\",\"headline\":\"Za\\u010d\\u00edn\\u00e1me v t\\u00fddnu od 14.9.\",\"author\":{\"@id\":\"https:\\\/\\\/www.talentdrama.cz\\\/en\\\/author\\\/erika\\\/#author\"},\"publisher\":{\"@id\":\"https:\\\/\\\/www.talentdrama.cz\\\/en\\\/#organization\"},\"image\":{\"@type\":\"ImageObject\",\"url\":\"https:\\\/\\\/www.talentdrama.cz\\\/wp-content\\\/uploads\\\/2026\\\/05\\\/ZZF_1783-scaled.jpg\",\"width\":2560,\"height\":1709},\"datePublished\":\"2026-09-01T15:01:46+02:00\",\"dateModified\":\"2026-09-01T15:23:00+02:00\",\"inLanguage\":\"en-GB\",\"mainEntityOfPage\":{\"@id\":\"https:\\\/\\\/www.talentdrama.cz\\\/en\\\/2026\\\/09\\\/01\\\/zaciname-v-tydnu-od-14-9\\\/#webpage\"},\"isPartOf\":{\"@id\":\"https:\\\/\\\/www.talentdrama.cz\\\/en\\\/2026\\\/09\\\/01\\\/zaciname-v-tydnu-od-14-9\\\/#webpage\"},\"articleSection\":\"Neza\\u0159azen\\u00e9\"},{\"@type\":\"BreadcrumbList\",\"@id\":\"https:\\\/\\\/www.talentdrama.cz\\\/en\\\/2026\\\/09\\\/01\\\/zaciname-v-tydnu-od-14-9\\\/#breadcrumblist\",\"itemListElement\":[{\"@type\":\"ListItem\",\"@id\":\"https:\\\/\\\/www.talentdrama.cz\\\/en#listItem\",\"position\":1,\"name\":\"Home\",\"item\":\"https:\\\/\\\/www.talentdrama.cz\\\/en\",\"nextItem\":{\"@type\":\"ListItem\",\"@id\":\"https:\\\/\\\/www.talentdrama.cz\\\/en\\\/category\\\/nezarazene\\\/#listItem\",\"name\":\"Neza\\u0159azen\\u00e9\"}},{\"@type\":\"ListItem\",\"@id\":\"https:\\\/\\\/www.talentdrama.cz\\\/en\\\/category\\\/nezarazene\\\/#listItem\",\"position\":2,\"name\":\"Neza\\u0159azen\\u00e9\",\"item\":\"https:\\\/\\\/www.talentdrama.cz\\\/en\\\/category\\\/nezarazene\\\/\",\"nextItem\":{\"@type\":\"ListItem\",\"@id\":\"https:\\\/\\\/www.talentdrama.cz\\\/en\\\/2026\\\/09\\\/01\\\/zaciname-v-tydnu-od-14-9\\\/#listItem\",\"name\":\"Za\\u010d\\u00edn\\u00e1me v t\\u00fddnu od 14.9.\"},\"previousItem\":{\"@type\":\"ListItem\",\"@id\":\"https:\\\/\\\/www.talentdrama.cz\\\/en#listItem\",\"name\":\"Home\"}},{\"@type\":\"ListItem\",\"@id\":\"https:\\\/\\\/www.talentdrama.cz\\\/en\\\/2026\\\/09\\\/01\\\/zaciname-v-tydnu-od-14-9\\\/#listItem\",\"position\":3,\"name\":\"Za\\u010d\\u00edn\\u00e1me v t\\u00fddnu od 14.9.\",\"previousItem\":{\"@type\":\"ListItem\",\"@id\":\"https:\\\/\\\/www.talentdrama.cz\\\/en\\\/category\\\/nezarazene\\\/#listItem\",\"name\":\"Neza\\u0159azen\\u00e9\"}}]},{\"@type\":\"Organization\",\"@id\":\"https:\\\/\\\/www.talentdrama.cz\\\/en\\\/#organization\",\"name\":\"Talent drama studio\",\"url\":\"https:\\\/\\\/www.talentdrama.cz\\\/en\\\/\"},{\"@type\":\"Person\",\"@id\":\"https:\\\/\\\/www.talentdrama.cz\\\/en\\\/author\\\/erika\\\/#author\",\"url\":\"https:\\\/\\\/www.talentdrama.cz\\\/en\\\/author\\\/erika\\\/\",\"name\":\"erika\",\"image\":{\"@type\":\"ImageObject\",\"@id\":\"https:\\\/\\\/www.talentdrama.cz\\\/en\\\/2026\\\/09\\\/01\\\/zaciname-v-tydnu-od-14-9\\\/#authorImage\",\"url\":\"https:\\\/\\\/secure.gravatar.com\\\/avatar\\\/4d3e1a0754864866d42d697248e8b72a93e1b353dbb8e0ce4023014567037adf?s=96&d=mm&r=g\",\"width\":96,\"height\":96,\"caption\":\"erika\"}},{\"@type\":\"WebPage\",\"@id\":\"https:\\\/\\\/www.talentdrama.cz\\\/en\\\/2026\\\/09\\\/01\\\/zaciname-v-tydnu-od-14-9\\\/#webpage\",\"url\":\"https:\\\/\\\/www.talentdrama.cz\\\/en\\\/2026\\\/09\\\/01\\\/zaciname-v-tydnu-od-14-9\\\/\",\"name\":\"Za\\u010d\\u00edn\\u00e1me v t\\u00fddnu od 14.9. - Talent drama studio\",\"description\":\"T\\u011b\\u0161\\u00edme se na novou sez\\u00f3nu 2026\\\/2027. Nov\\u00ed z\\u00e1jemci se mohou hl\\u00e1sit na info@talentdrama.cz. Ro\\u010dn\\u00ed kurzy pro d\\u011bti a ml\\u00e1de\\u017e najdete na str\\u00e1nk\\u00e1ch: https:\\\/\\\/www.talentdrama.cz\\\/rocni-kurzy\\\/https:\\\/\\\/www.talentdrama.cz\\\/rocni-kurzy\\\/\",\"inLanguage\":\"en-GB\",\"isPartOf\":{\"@id\":\"https:\\\/\\\/www.talentdrama.cz\\\/en\\\/#website\"},\"breadcrumb\":{\"@id\":\"https:\\\/\\\/www.talentdrama.cz\\\/en\\\/2026\\\/09\\\/01\\\/zaciname-v-tydnu-od-14-9\\\/#breadcrumblist\"},\"author\":{\"@id\":\"https:\\\/\\\/www.talentdrama.cz\\\/en\\\/author\\\/erika\\\/#author\"},\"creator\":{\"@id\":\"https:\\\/\\\/www.talentdrama.cz\\\/en\\\/author\\\/erika\\\/#author\"},\"image\":{\"@type\":\"ImageObject\",\"url\":\"https:\\\/\\\/www.talentdrama.cz\\\/wp-content\\\/uploads\\\/2026\\\/05\\\/ZZF_1783-scaled.jpg\",\"@id\":\"https:\\\/\\\/www.talentdrama.cz\\\/en\\\/2026\\\/09\\\/01\\\/zaciname-v-tydnu-od-14-9\\\/#mainImage\",\"width\":2560,\"height\":1709},\"primaryImageOfPage\":{\"@id\":\"https:\\\/\\\/www.talentdrama.cz\\\/en\\\/2026\\\/09\\\/01\\\/zaciname-v-tydnu-od-14-9\\\/#mainImage\"},\"datePublished\":\"2026-09-01T15:01:46+02:00\",\"dateModified\":\"2026-09-01T15:23:00+02:00\"},{\"@type\":\"WebSite\",\"@id\":\"https:\\\/\\\/www.talentdrama.cz\\\/en\\\/#website\",\"url\":\"https:\\\/\\\/www.talentdrama.cz\\\/en\\\/\",\"name\":\"Talent drama studio\",\"inLanguage\":\"en-GB\",\"publisher\":{\"@id\":\"https:\\\/\\\/www.talentdrama.cz\\\/en\\\/#organization\"}}]}\n\t\t<\/script>\n\t\t<!-- All in One SEO -->\n\n","aioseo_head_json":{"title":"Za\u010d\u00edn\u00e1me v t\u00fddnu od 14.9. - Talent drama studio","description":"T\u011b\u0161\u00edme se na novou sez\u00f3nu 2026\/2027. Nov\u00ed z\u00e1jemci se mohou hl\u00e1sit na info@talentdrama.cz. Ro\u010dn\u00ed kurzy pro d\u011bti a ml\u00e1de\u017e najdete na str\u00e1nk\u00e1ch: https:\/\/www.talentdrama.cz\/rocni-kurzy\/https:\/\/www.talentdrama.cz\/rocni-kurzy\/","canonical_url":"https:\/\/www.talentdrama.cz\/en\/2026\/09\/01\/zaciname-v-tydnu-od-14-9\/","robots":"max-image-preview:large","keywords":"","webmasterTools":{"miscellaneous":""},"schema":{"@context":"https:\/\/schema.org","@graph":[{"@type":"BlogPosting","@id":"https:\/\/www.talentdrama.cz\/en\/2026\/09\/01\/zaciname-v-tydnu-od-14-9\/#blogposting","name":"Za\u010d\u00edn\u00e1me v t\u00fddnu od 14.9. - Talent drama studio","headline":"Za\u010d\u00edn\u00e1me v t\u00fddnu od 14.9.","author":{"@id":"https:\/\/www.talentdrama.cz\/en\/author\/erika\/#author"},"publisher":{"@id":"https:\/\/www.talentdrama.cz\/en\/#organization"},"image":{"@type":"ImageObject","url":"https:\/\/www.talentdrama.cz\/wp-content\/uploads\/2026\/05\/ZZF_1783-scaled.jpg","width":2560,"height":1709},"datePublished":"2026-09-01T15:01:46+02:00","dateModified":"2026-09-01T15:23:00+02:00","inLanguage":"en-GB","mainEntityOfPage":{"@id":"https:\/\/www.talentdrama.cz\/en\/2026\/09\/01\/zaciname-v-tydnu-od-14-9\/#webpage"},"isPartOf":{"@id":"https:\/\/www.talentdrama.cz\/en\/2026\/09\/01\/zaciname-v-tydnu-od-14-9\/#webpage"},"articleSection":"Neza\u0159azen\u00e9"},{"@type":"BreadcrumbList","@id":"https:\/\/www.talentdrama.cz\/en\/2026\/09\/01\/zaciname-v-tydnu-od-14-9\/#breadcrumblist","itemListElement":[{"@type":"ListItem","@id":"https:\/\/www.talentdrama.cz\/en#listItem","position":1,"name":"Home","item":"https:\/\/www.talentdrama.cz\/en","nextItem":{"@type":"ListItem","@id":"https:\/\/www.talentdrama.cz\/en\/category\/nezarazene\/#listItem","name":"Neza\u0159azen\u00e9"}},{"@type":"ListItem","@id":"https:\/\/www.talentdrama.cz\/en\/category\/nezarazene\/#listItem","position":2,"name":"Neza\u0159azen\u00e9","item":"https:\/\/www.talentdrama.cz\/en\/category\/nezarazene\/","nextItem":{"@type":"ListItem","@id":"https:\/\/www.talentdrama.cz\/en\/2026\/09\/01\/zaciname-v-tydnu-od-14-9\/#listItem","name":"Za\u010d\u00edn\u00e1me v t\u00fddnu od 14.9."},"previousItem":{"@type":"ListItem","@id":"https:\/\/www.talentdrama.cz\/en#listItem","name":"Home"}},{"@type":"ListItem","@id":"https:\/\/www.talentdrama.cz\/en\/2026\/09\/01\/zaciname-v-tydnu-od-14-9\/#listItem","position":3,"name":"Za\u010d\u00edn\u00e1me v t\u00fddnu od 14.9.","previousItem":{"@type":"ListItem","@id":"https:\/\/www.talentdrama.cz\/en\/category\/nezarazene\/#listItem","name":"Neza\u0159azen\u00e9"}}]},{"@type":"Organization","@id":"https:\/\/www.talentdrama.cz\/en\/#organization","name":"Talent drama studio","url":"https:\/\/www.talentdrama.cz\/en\/"},{"@type":"Person","@id":"https:\/\/www.talentdrama.cz\/en\/author\/erika\/#author","url":"https:\/\/www.talentdrama.cz\/en\/author\/erika\/","name":"erika","image":{"@type":"ImageObject","@id":"https:\/\/www.talentdrama.cz\/en\/2026\/09\/01\/zaciname-v-tydnu-od-14-9\/#authorImage","url":"https:\/\/secure.gravatar.com\/avatar\/4d3e1a0754864866d42d697248e8b72a93e1b353dbb8e0ce4023014567037adf?s=96&d=mm&r=g","width":96,"height":96,"caption":"erika"}},{"@type":"WebPage","@id":"https:\/\/www.talentdrama.cz\/en\/2026\/09\/01\/zaciname-v-tydnu-od-14-9\/#webpage","url":"https:\/\/www.talentdrama.cz\/en\/2026\/09\/01\/zaciname-v-tydnu-od-14-9\/","name":"Za\u010d\u00edn\u00e1me v t\u00fddnu od 14.9. - Talent drama studio","description":"T\u011b\u0161\u00edme se na novou sez\u00f3nu 2026\/2027. Nov\u00ed z\u00e1jemci se mohou hl\u00e1sit na info@talentdrama.cz. Ro\u010dn\u00ed kurzy pro d\u011bti a ml\u00e1de\u017e najdete na str\u00e1nk\u00e1ch: https:\/\/www.talentdrama.cz\/rocni-kurzy\/https:\/\/www.talentdrama.cz\/rocni-kurzy\/","inLanguage":"en-GB","isPartOf":{"@id":"https:\/\/www.talentdrama.cz\/en\/#website"},"breadcrumb":{"@id":"https:\/\/www.talentdrama.cz\/en\/2026\/09\/01\/zaciname-v-tydnu-od-14-9\/#breadcrumblist"},"author":{"@id":"https:\/\/www.talentdrama.cz\/en\/author\/erika\/#author"},"creator":{"@id":"https:\/\/www.talentdrama.cz\/en\/author\/erika\/#author"},"image":{"@type":"ImageObject","url":"https:\/\/www.talentdrama.cz\/wp-content\/uploads\/2026\/05\/ZZF_1783-scaled.jpg","@id":"https:\/\/www.talentdrama.cz\/en\/2026\/09\/01\/zaciname-v-tydnu-od-14-9\/#mainImage","width":2560,"height":1709},"primaryImageOfPage":{"@id":"https:\/\/www.talentdrama.cz\/en\/2026\/09\/01\/zaciname-v-tydnu-od-14-9\/#mainImage"},"datePublished":"2026-09-01T15:01:46+02:00","dateModified":"2026-09-01T15:23:00+02:00"},{"@type":"WebSite","@id":"https:\/\/www.talentdrama.cz\/en\/#website","url":"https:\/\/www.talentdrama.cz\/en\/","name":"Talent drama studio","inLanguage":"en-GB","publisher":{"@id":"https:\/\/www.talentdrama.cz\/en\/#organization"}}]},"og:locale":"en_GB","og:site_name":"Talent drama studio -","og:type":"article","og:title":"Za\u010d\u00edn\u00e1me v t\u00fddnu od 14.9. - Talent drama studio","og:description":"T\u011b\u0161\u00edme se na novou sez\u00f3nu 2026\/2027. Nov\u00ed z\u00e1jemci se mohou hl\u00e1sit na info@talentdrama.cz. Ro\u010dn\u00ed kurzy pro d\u011bti a ml\u00e1de\u017e najdete na str\u00e1nk\u00e1ch: https:\/\/www.talentdrama.cz\/rocni-kurzy\/https:\/\/www.talentdrama.cz\/rocni-kurzy\/","og:url":"https:\/\/www.talentdrama.cz\/en\/2026\/09\/01\/zaciname-v-tydnu-od-14-9\/","article:published_time":"2026-09-01T13:01:46+00:00","article:modified_time":"2026-09-01T13:23:00+00:00","twitter:card":"summary_large_image","twitter:title":"Za\u010d\u00edn\u00e1me v t\u00fddnu od 14.9. - Talent drama studio","twitter:description":"T\u011b\u0161\u00edme se na novou sez\u00f3nu 2026\/2027. Nov\u00ed z\u00e1jemci se mohou hl\u00e1sit na info@talentdrama.cz. Ro\u010dn\u00ed kurzy pro d\u011bti a ml\u00e1de\u017e najdete na str\u00e1nk\u00e1ch: https:\/\/www.talentdrama.cz\/rocni-kurzy\/https:\/\/www.talentdrama.cz\/rocni-kurzy\/"},"aioseo_meta_data":{"post_id":"5987","title":null,"description":null,"keywords":null,"keyphrases":{"focus":{"keyphrase":"","score":0,"analysis":{"keyphraseInTitle":{"score":0,"maxScore":9,"error":1}}},"additional":[]},"primary_term":null,"canonical_url":null,"og_title":null,"og_description":null,"og_object_type":"default","og_image_type":"default","og_image_url":null,"og_image_width":null,"og_image_height":null,"og_image_custom_url":null,"og_image_custom_fields":null,"og_video":"","og_custom_url":null,"og_article_section":null,"og_article_tags":null,"twitter_use_og":false,"twitter_card":"default","twitter_image_type":"default","twitter_image_url":null,"twitter_image_custom_url":null,"twitter_image_custom_fields":null,"twitter_title":null,"twitter_description":null,"schema":{"blockGraphs":[],"customGraphs":[],"default":{"data":{"Article":[],"Course":[],"Dataset":[],"FAQPage":[],"Movie":[],"Person":[],"Product":[],"ProductReview":[],"Car":[],"Recipe":[],"Service":[],"SoftwareApplication":[],"WebPage":[]},"graphName":"BlogPosting","isEnabled":true},"graphs":[]},"schema_type":"default","schema_type_options":null,"pillar_content":false,"robots_default":true,"robots_noindex":false,"robots_noarchive":false,"robots_nosnippet":false,"robots_nofollow":false,"robots_noimageindex":false,"robots_noodp":false,"robots_notranslate":false,"robots_max_snippet":"-1","robots_max_videopreview":"-1","robots_max_imagepreview":"large","priority":null,"frequency":"default","local_seo":null,"breadcrumb_settings":null,"limit_modified_date":false,"ai":{"faqs":[],"keyPoints":[],"schemas":[],"titles":[],"descriptions":[],"socialPosts":{"email":{"subject":"","preview":"","content":""},"linkedin":[],"twitter":[],"facebook":[],"instagram":[]}},"created":"2026-09-01 13:01:47","updated":"2026-09-01 13:41:18","seo_analyzer_scan_date":null,"focus_keyword":null,"additional_keywords":null,"truseo_locale":null},"aioseo_breadcrumb":"<div class=\"aioseo-breadcrumbs\"><span class=\"aioseo-breadcrumb\">\n\t\t\t<a href=\"https:\/\/www.talentdrama.cz\/en\" title=\"Home\">Home<\/a>\n\t\t<\/span><span class=\"aioseo-breadcrumb-separator\">&raquo;<\/span><span class=\"aioseo-breadcrumb\">\n\t\t\t<a href=\"https:\/\/www.talentdrama.cz\/en\/category\/nezarazene\/\" title=\"Neza\u0159azen\u00e9\">Neza\u0159azen\u00e9<\/a>\n\t\t<\/span><span class=\"aioseo-breadcrumb-separator\">&raquo;<\/span><span class=\"aioseo-breadcrumb\">\n\t\t\tZa\u010d\u00edn\u00e1me v t\u00fddnu od 14.9.\n\t\t<\/span><\/div>","aioseo_breadcrumb_json":[{"label":"Home","link":"https:\/\/www.talentdrama.cz\/en"},{"label":"Neza\u0159azen\u00e9","link":"https:\/\/www.talentdrama.cz\/en\/category\/nezarazene\/"},{"label":"Za\u010d\u00edn\u00e1me v t\u00fddnu od 14.9.","link":"https:\/\/www.talentdrama.cz\/en\/2026\/09\/01\/zaciname-v-tydnu-od-14-9\/"}],"_links":{"self":[{"href":"https:\/\/www.talentdrama.cz\/en\/wp-json\/wp\/v2\/posts\/5987","targetHints":{"allow":["GET"]}}],"collection":[{"href":"https:\/\/www.talentdrama.cz\/en\/wp-json\/wp\/v2\/posts"}],"about":[{"href":"https:\/\/www.talentdrama.cz\/en\/wp-json\/wp\/v2\/types\/post"}],"author":[{"embeddable":true,"href":"https:\/\/www.talentdrama.cz\/en\/wp-json\/wp\/v2\/users\/3"}],"replies":[{"embeddable":true,"href":"https:\/\/www.talentdrama.cz\/en\/wp-json\/wp\/v2\/comments?post=5987"}],"version-history":[{"count":2,"href":"https:\/\/www.talentdrama.cz\/en\/wp-json\/wp\/v2\/posts\/5987\/revisions"}],"predecessor-version":[{"id":5989,"href":"https:\/\/www.talentdrama.cz\/en\/wp-json\/wp\/v2\/posts\/5987\/revisions\/5989"}],"wp:featuredmedia":[{"embeddable":true,"href":"https:\/\/www.talentdrama.cz\/en\/wp-json\/wp\/v2\/media\/5288"}],"wp:attachment":[{"href":"https:\/\/www.talentdrama.cz\/en\/wp-json\/wp\/v2\/media?parent=5987"}],"wp:term":[{"taxonomy":"category","embeddable":true,"href":"https:\/\/www.talentdrama.cz\/en\/wp-json\/wp\/v2\/categories?post=5987"},{"taxonomy":"post_tag","embeddable":true,"href":"https:\/\/www.talentdrama.cz\/en\/wp-json\/wp\/v2\/tags?post=5987"}],"curies":[{"name":"wp","href":"https:\/\/api.w.org\/{rel}","templated":true}]}}